{"id":1469,"date":"2026-08-21T12:49:12","date_gmt":"2026-08-21T10:49:12","guid":{"rendered":"https:\/\/msig-europe.be\/fr\/?p=1469"},"modified":"2026-08-21T13:09:14","modified_gmt":"2026-08-21T11:09:14","slug":"un-partenariat-fonde-sur-la-confiance-lambition-et-lexcellence","status":"publish","type":"post","link":"https:\/\/msig-europe.be\/fr\/2026\/08\/21\/un-partenariat-fonde-sur-la-confiance-lambition-et-lexcellence\/","title":{"rendered":"Un partenariat fond\u00e9 sur la confiance, l\u2019ambition et l\u2019excellence"},"content":{"rendered":"\n<p class=\"has-intro-font-size\"><strong>MSIG Europe et&nbsp;Stephex&nbsp;Horsetrucks&nbsp;s\u2019associent pour accompagner le cavalier belge de dressage Justin Verboomen dans son parcours vers les plus grandes comp\u00e9titions internationales.<\/strong>&nbsp;<\/p>\n\n\n\n<p><strong>Au-del\u00e0 des relations d\u2019affaires, les partenariats les plus solides reposent sur des valeurs communes, l\u2019ambition et l\u2019excellence. C\u2019est pr\u00e9cis\u00e9ment ce qui caract\u00e9rise la collaboration entre MSIG Europe et Stephex (STX), leader mondial dans la fabrication de camions haut de gamme pour chevaux et l\u2019un de nos clients global.<\/strong> Dans le cadre de ce partenariat, nous sommes fiers de soutenir une initiative qui r\u00e9unit excellence sportive et volont\u00e9 commune d\u2019atteindre des objectifs ambitieux.<\/p>\n\n\n\n<h2 class=\"wp-block-heading\"><strong>Accompagner&nbsp;l\u2019excellence&nbsp;sur la route<\/strong>&nbsp;<\/h2>\n\n\n\n<p>Dans le cadre de son programme d\u2019ambassadeurs, STX met \u00e0 la disposition du cavalier belge de dressage Justin Verboomen un camion Stephex afin de l\u2019accompagner, lui et son \u00e9quipe, lors de ses comp\u00e9titions internationales.<\/p>\n\n\n\n<p>Justin&nbsp;s\u2019est&nbsp;impos\u00e9&nbsp;comme&nbsp;l\u2019un&nbsp;des grands noms du dressage international. En 2025, il est&nbsp;devenu&nbsp;double champion&nbsp;d\u2019Europe,&nbsp;remportant&nbsp;le Grand Prix&nbsp;Sp\u00e9cial&nbsp;et le Grand Prix Freestyle&nbsp;lors&nbsp;des&nbsp;Championnats&nbsp;d\u2019Europe&nbsp;de dressage FEI \u00e0 Crozet,&nbsp;en&nbsp;France. Il est&nbsp;\u00e9galement&nbsp;devenu&nbsp;le premier cavalier&nbsp;belge&nbsp;\u00e0&nbsp;atteindre&nbsp;la premi\u00e8re place&nbsp;mondiale&nbsp;du&nbsp;classement&nbsp;de dressage.&nbsp;<\/p>\n\n\n\n<p>Justin s\u2019est impos\u00e9 comme l\u2019un des grands noms du dressage international. En 2025, il est devenu double champion d\u2019Europe, remportant le Grand Prix Sp\u00e9cial et le Grand Prix Freestyle lors des Championnats d\u2019Europe de dressage FEI \u00e0 Crozet, en France. Il est \u00e9galement devenu le premier cavalier belge \u00e0 atteindre la premi\u00e8re place mondiale du classement de dressage.<\/p>\n\n\n\n<p>Cette initiative a \u00e9t\u00e9 d\u00e9velopp\u00e9e en collaboration avec STX dans le cadre de notre partenariat. Le logo de MSIG Europe figure d\u00e9sormais aux c\u00f4t\u00e9s de celui de STX sur le nouveau camion de Justin, refl\u00e9tant la qualit\u00e9 de la collaboration et des liens qui nous unissent.&nbsp;<\/p>\n\n\n\n<h2 class=\"wp-block-heading\"><strong>Une \u00e9tape majeure \u00e0 Aix-la-Chapelle<\/strong>&nbsp;<\/h2>\n\n\n\n<p>Le nouveau&nbsp;camion&nbsp;a fait son apparition&nbsp;lors&nbsp;de&nbsp;l\u2019un&nbsp;des&nbsp;\u00e9v\u00e9nements&nbsp;les plus&nbsp;prestigieux&nbsp;du sport&nbsp;\u00e9questre&nbsp;international :&nbsp;les&nbsp;<strong>Championnats&nbsp;du monde FEI&nbsp;d\u2019Aix-la-Chapelle 2026<\/strong>.&nbsp;<\/p>\n\n\n\n<p>Pour Justin, Aix-la-Chapelle a constitu\u00e9 une nouvelle \u00e9tape importante dans un parcours d\u00e9j\u00e0 remarquable. Face aux meilleurs cavaliers du monde, il a r\u00e9alis\u00e9 avec Zonik Plus une performance de haut niveau, se classant parmi les meilleurs duos de la comp\u00e9tition individuelle.<\/p>\n\n\n\n<p>Les&nbsp;Championnats&nbsp;ont&nbsp;\u00e9galement&nbsp;marqu\u00e9&nbsp;une&nbsp;\u00e9tape&nbsp;importante&nbsp;pour le dressage&nbsp;belge.&nbsp;<strong>La Belgique a&nbsp;d\u00e9croch\u00e9&nbsp;sa&nbsp;qualification&nbsp;pour&nbsp;les Jeux&nbsp;Olympiques&nbsp;de Los Angeles 2028<\/strong>,&nbsp;une&nbsp;nouvelle \u00e9tape majeure pour&nbsp;l\u2019\u00e9quipe&nbsp;belge&nbsp;de dressage.&nbsp;<\/p>\n\n\n\n<p>Pour Justin, Aix-la-Chapelle ajoute un nouveau chapitre important \u00e0 sa carri\u00e8re internationale. Avec les Jeux Olympiques de Los Angeles 2028 d\u00e9sormais \u00e0 l\u2019horizon, il poursuit son remarquable parcours.&nbsp;&nbsp;&nbsp;<\/p>\n\n\n\n<figure class=\"wp-block-image size-large\"><img loading=\"lazy\" decoding=\"async\" width=\"1024\" height=\"379\" src=\"https:\/\/msig-europe.be\/fr\/wp-content\/uploads\/sites\/4\/2026\/08\/Justin-Images-1024x379.webp\" alt=\"\" class=\"wp-image-1476\" srcset=\"https:\/\/msig-europe.be\/fr\/wp-content\/uploads\/sites\/4\/2026\/08\/Justin-Images-1024x379.webp 1024w, https:\/\/msig-europe.be\/fr\/wp-content\/uploads\/sites\/4\/2026\/08\/Justin-Images-300x111.webp 300w, https:\/\/msig-europe.be\/fr\/wp-content\/uploads\/sites\/4\/2026\/08\/Justin-Images-768x284.webp 768w, https:\/\/msig-europe.be\/fr\/wp-content\/uploads\/sites\/4\/2026\/08\/Justin-Images.webp 1080w\" sizes=\"auto, (max-width: 1024px) 100vw, 1024px\" \/><\/figure>\n\n\n\n<p>\ud83d\udcf8\u00a0Pierre De Coninck\u00a0<\/p>\n\n\n\n<h2 class=\"wp-block-heading\"><strong>Un&nbsp;partenariat&nbsp;tourn\u00e9&nbsp;vers&nbsp;l\u2019avenir<\/strong>&nbsp;<\/h2>\n\n\n\n<p>Chez MSIG Europe, nous&nbsp;sommes&nbsp;fiers&nbsp;d\u2019avoir&nbsp;contribu\u00e9&nbsp;\u00e0&nbsp;cette&nbsp;initiative aux&nbsp;c\u00f4t\u00e9s&nbsp;de STX et de&nbsp;c\u00e9l\u00e9brer&nbsp;ensemble&nbsp;ces&nbsp;r\u00e9ussites.&nbsp;<\/p>\n\n\n\n<p>Notre relation avec STX refl\u00e8te l\u2019importance que nous accordons \u00e0 des partenariats durables, fond\u00e9s sur la confiance, des ambitions partag\u00e9es et des relations solides. Cette initiative illustre parfaitement la mani\u00e8re dont des relations professionnelles solides peuvent cr\u00e9er des opportunit\u00e9s de soutenir l\u2019excellence au-del\u00e0 de nos activit\u00e9s principales.<\/p>\n\n\n\n<p>Pour Justin, Zonik Plus et toute l\u2019\u00e9quipe qui les accompagne, l\u2019aventure continue. Avec Los Angeles 2028 d\u00e9sormais en ligne de mire, nous avons h\u00e2te de suivre la prochaine \u00e9tape de ce remarquable parcours sportif.<\/p>\n\n\n\n<p>Et pour MSIG Europe et STX, nous&nbsp;sommes&nbsp;heureux&nbsp;de&nbsp;poursuivre&nbsp;cette&nbsp;aventure&nbsp;ensemble.<\/p>\n\n\n\n<figure class=\"wp-block-embed is-type-video is-provider-youtube wp-block-embed-youtube wp-embed-aspect-16-9 wp-has-aspect-ratio\"><div class=\"wp-block-embed__wrapper\">\n\n<div data-component=\"oembed\" class=\"max-w-5xl relative\" data-module=\"oembed\" data-source=\"consent_embed_youtube\" data-type=\"video\" data-cookiebot=\"1\" data-disable-notice=\"\">\n\t\t<a\n\t\thref=\"#embed-skip-6a9519acbf715\"\n\t\tdata-component=\"skip-link\"\n\t\tclass=\"text-lg underline sr-only focus:not-sr-only focus:absolute focus:p-4 focus:z-50 bg-base-50 hover:no-underline border-base-800 text-base-800\"\n\t>\n\t\tSauter le contenu int\u00e9gr\u00e9 de YouTube\n\t<\/a>\n\t<div data-oembed=\"content\">\n\t\t<div data-oembed=\"placeholder\" class=\"flex flex-col items-center justify-center text-center bg-base-200 dark:bg-base-800\">\n\t\t\t<div class=\"p-8\">\n\t\t\t\t<p class=\"mb-7\" id=\"embed-cookie-6a9519acbf713\">Ce contenu est disponible apr\u00e8s avoir accept\u00e9 les cookies.<\/p>\n\t\t\t\t\n\n\n\n\n\n<button\n\tclass=\"group hocus:no-underline btn btn-secondary  js-consent-button\"\n\t\t\thref=\"https&#x3A;&#x2F;&#x2F;youtu.be&#x2F;gkCxMfzkQnM\"\n\t\t\t\t\t\ttype=\"button\"\n\t\t\t\t\t\t\t\taria-describedby=\"embed-cookie-6a9519acbf713\"\n\t\t\t\t\t>\n\t\n\t\t\t<span data-button-text class=\"group-hover:underline group-focus-visible:underline group-active:no-underline!\">\n\t\t\tAjuster les param\u00e8tres des cookies\n\t\t<\/span>\n\n\t\t\n\t\n\t\n\t\t\t\n\t\t\n\t\n\t\n\t<\/button>\n\t\t\t\t\n\n\n\n\n\n<a\n\tclass=\"group hocus:no-underline btn btn-primary  \"\n\t\t\thref=\"https&#x3A;&#x2F;&#x2F;youtu.be&#x2F;gkCxMfzkQnM\"\n\t\t\t\t\t\t\t\t\t\t\t\t\t>\n\t\n\t\t\t<span data-button-text class=\"group-hover:underline group-focus-visible:underline group-active:no-underline!\">\n\t\t\tVue \u00e0 YouTube.\n\t\t<\/span>\n\n\t\t\n\t\n\t\n\t\t\t\n\t\t\t\t\t\n\t\n\t\t\t<span class=\"transition-transform group-hover:translate-x-0.5 group-focus-visible:translate-x-0.5 flex items-center justify-center icon group-expanded:hidden\" aria-hidden=\"true\"><svg width=\"24\" height=\"24\" viewBox=\"0 0 24 24\" xmlns=\"http:\/\/www.w3.org\/2000\/svg\"><path d=\"m21.046 12.796-6.75 6.75a1.127 1.127 0 1 1-1.594-1.594l4.83-4.827H3.75a1.125 1.125 0 1 1 0-2.25h13.781l-4.827-4.83a1.127 1.127 0 1 1 1.594-1.594l6.75 6.75a1.125 1.125 0 0 1-.002 1.595Z\"\/><\/svg>\n<\/span>\n\n\t\t\t\n\t<\/a>\n\t\t\t<\/div>\n\t\t<\/div>\n\t<\/div>\n\n\t<template>\n\t\t\t\t\t<div data-component=\"oembed-video\" data-oembed=\"video\" class=\"cursor-pointer aspect-video\">\n\t\t\t<img decoding=\"async\" data-oembed=\"thumbnail\" class=\"absolute object-cover w-full h-full\" src=\"https:\/\/i.ytimg.com\/vi\/gkCxMfzkQnM\/maxresdefault.jpg\" alt=\"\" loading=\"lazy\">\n\t\t<div class=\"w-full h-full iframe:absolute iframe:inset-0 iframe:w-full iframe:h-full\">\n\t\t<iframe loading=\"lazy\" title=\"Justin Verboomen &amp; Zonik Plus: The First Year on Tour\" width=\"500\" height=\"281\" data-src=\"https:\/\/www.youtube.com\/embed\/gkCxMfzkQnM?feature=oembed\" frameborder=\"0\" allow=\"accelerometer; autoplay; clipboard-write; encrypted-media; gyroscope; picture-in-picture; web-share\" referrerpolicy=\"strict-origin-when-cross-origin\" allowfullscreen><\/iframe>\n\n\t\t<div class=\"absolute transform -translate-x-1\/2 -translate-y-1\/2 top-1\/2 left-1\/2\">\n\t\t\t\n\n\n\n\n\t\n<button\n\tclass=\"group hocus:no-underline btn btn-primary btn-circle btn--js-video-play\"\n\t\t\thref=\"https&#x3A;&#x2F;&#x2F;youtu.be&#x2F;gkCxMfzkQnM\"\n\t\t\t\t\t\ttype=\"button\"\n\t\t\t\t\t\t\taria-label=\"Lire&#x20;la&#x20;vid&#x00E9;o\"\n\t\t\t\t\t\t>\n\t\n\t\n\t\n\t\t\t\n\t\t\n\t\n\t\t\t<span class=\" flex items-center justify-center icon group-expanded:hidden\" aria-hidden=\"true\"><svg width=\"20\" height=\"20\" viewBox=\"0 0 20 20\" xmlns=\"http:\/\/www.w3.org\/2000\/svg\"><path d=\"m2 0 17 10L2 20z\"\/><\/svg><\/span>\n\n\t\t\t\n\t<\/button>\n\t\t<\/div>\n\t<\/div>\n<\/div>\n\t\t\t<\/template>\n\t<div id=\"embed-skip-6a9519acbf715\" tabindex=\"-1\" class=\"sr-only\">Saut\u00e9 par-dessus le contenu int\u00e9gr\u00e9 YouTube.<\/div>\n<\/div>\n\n<\/div><\/figure>\n\n\n\n\t<div data-name=\"acf\/block-posts\" class=\"alignwide block\" >\n\t\t\t\t\t<h2 class=\"sr-only\">Une liste d&#039;articles<\/h2>\n\t\t\n\t\t<div class=\"flex flex-col gap-4\">\n\n\t\t\t\n\t\t\t<ul class=\"grid items-stretch grid-cols-1 gap-4 sm:gap-8 lg:grid-cols-3\">\n\t\t\t\t\n\t\t\t\t\n\t\t\t\t\t\t\t\t\t\t\n\t\t\t\t\t<li>\n\t\t\t\t\t\t<div data-component=\"teaser-post\" class=\"relative flex flex-col h-full p-6 overflow-hidden rounded-lg bg-base-500 sm:flex-row sm:gap-8 lg:p-0 lg:gap-0 lg:flex-col hocus:-translate-y-0.5 transition-transform break-words\">\n\n\t\t\t<div class=\"hidden overflow-hidden md:block image:w-full image:object-cover aspect-video md:max-w-[196px] md:aspect-auto lg:aspect-video lg:max-w-none\">\n\t\t\t<img loading=\"lazy\" decoding=\"async\" width=\"600\" height=\"300\" src=\"https:\/\/msig-europe.be\/fr\/wp-content\/uploads\/sites\/4\/2026\/04\/Website-News-Teaser-Image-600-x-300.png\" class=\"attachment-large size-large\" alt=\"\" srcset=\"https:\/\/msig-europe.be\/fr\/wp-content\/uploads\/sites\/4\/2026\/04\/Website-News-Teaser-Image-600-x-300.png 600w, https:\/\/msig-europe.be\/fr\/wp-content\/uploads\/sites\/4\/2026\/04\/Website-News-Teaser-Image-600-x-300-300x150.png 300w\" sizes=\"auto, (max-width: 600px) 100vw, 600px\" \/>\n\t\t<\/div>\n\t\n\t<div class=\"flex flex-col gap-4 lg:p-6\">\n\t\t<div class=\"flex flex-col\">\n\t\t\t<div class=\"order-2\">\n\t\t\t\t\t\t\t\t<h3 class=\"font-semibold text-md sm:text-lg md:text-md\">\n\t\t\t\t\t<a href=\"https:\/\/msig-europe.be\/fr\/2026\/04\/29\/msig-europe-roule-avec-linnoptus-solar-team-et-pour-lavenir\/\" class=\"absolute-link hocus:underline text-marine\">\n\t\t\t\t\t\tMSIG Europe roule avec l&rsquo;Innoptus Solar Team et pour l\u2019avenir !\n\t\t\t\t\t<\/a>\n\t\t\t\t<\/h3>\n\t\t\t<\/div>\n\n\t\t\t\t\t\t\t<div class=\"mb-2\">\n\t\t\t\t\t\t\t\t\t\n\t<ul data-component=\"list-badges\" class=\"flex flex-wrap gap-2 items-center text-sm\" aria-label=\"Class\u00e9 dans la cat\u00e9gorie\">\n\t\t\t\t\t<li class=\"min-w-0\">\n\t\t\t\t\t\t\n\n\n\t<div  data-component=\"badge\" class=\"text-sm font-semibold relative border-2 py-[1px] px-2 rounded-xl bg-base-50 border-red text-red \">\n\t\tFleet\n\t<\/div>\n\t\t\t<\/li>\n\t\t\t<\/ul>\n\t\t\t\t<\/div>\n\t\t\t\t\t<\/div>\n\n\t\t<span class=\"sr-only\">Publi\u00e9 le :<\/span>\n\t\t<time class=\"text-sm\" datetime=\"2026-04-29\">29 avril 2026<\/time>\n\t<\/div>\n\n\t<div class=\"absolute md:-bottom-[90px] md:-right-[160px] lg:-bottom-[120px] lg:-right-[270px] hidden pointer-events-none md:block\">\n\t\t<svg aria-hidden=\"true\" class=\"w-[334px] h-[334px]\" viewBox=\"0 0 400 370\" fill=\"none\" xmlns=\"http:\/\/www.w3.org\/2000\/svg\"><path d=\"M197.788 369.7c-14.8 0-29.5-4.9-42.6-14.5-23.2-17.2-47.201-37.1-74.1-62.6-26.9-25.5-47.9-48.1-66-70.1-20-24.2-20.4-54.7.5-78.2 18.5-21.6 39.9-44 67.3-69 27.3-25 51.699-44.5 75.199-61.3 13-9.3 27.701-14 42.301-14 14.7 0 29.3 4.8 42 14.6 23.2 17.2 47.299 37.2 74.199 62.7s48.001 48.2 66.101 70.1c21.3 25.8 21 52.9-.8 78.3-18.5 21.6-39.901 43.9-67.301 69-27.4 25-51.599 44.5-75.199 61.2-12.8 9.3-27.2 13.8-41.6 13.8Z\" fill=\"#1B1464\" fill-opacity=\".07\"\/><\/svg>\n\t<\/div>\n<\/div>\n\t\t\t\t\t<\/li>\n\t\t\t\t\n\t\t\t\t\t\t\t\t\t\t\n\t\t\t\t\t<li>\n\t\t\t\t\t\t<div data-component=\"teaser-post\" class=\"relative flex flex-col h-full p-6 overflow-hidden rounded-lg bg-base-500 sm:flex-row sm:gap-8 lg:p-0 lg:gap-0 lg:flex-col hocus:-translate-y-0.5 transition-transform break-words\">\n\n\t\t\t<div class=\"hidden overflow-hidden md:block image:w-full image:object-cover aspect-video md:max-w-[196px] md:aspect-auto lg:aspect-video lg:max-w-none\">\n\t\t\t<img loading=\"lazy\" decoding=\"async\" width=\"1024\" height=\"576\" src=\"https:\/\/msig-europe.be\/fr\/wp-content\/uploads\/sites\/4\/2025\/11\/Captives-1024x576.webp\" class=\"attachment-large size-large\" alt=\"\" srcset=\"https:\/\/msig-europe.be\/fr\/wp-content\/uploads\/sites\/4\/2025\/11\/Captives-1024x576.webp 1024w, https:\/\/msig-europe.be\/fr\/wp-content\/uploads\/sites\/4\/2025\/11\/Captives-300x169.webp 300w, https:\/\/msig-europe.be\/fr\/wp-content\/uploads\/sites\/4\/2025\/11\/Captives-768x432.webp 768w, https:\/\/msig-europe.be\/fr\/wp-content\/uploads\/sites\/4\/2025\/11\/Captives-1536x864.webp 1536w, https:\/\/msig-europe.be\/fr\/wp-content\/uploads\/sites\/4\/2025\/11\/Captives.webp 1920w\" sizes=\"auto, (max-width: 1024px) 100vw, 1024px\" \/>\n\t\t<\/div>\n\t\n\t<div class=\"flex flex-col gap-4 lg:p-6\">\n\t\t<div class=\"flex flex-col\">\n\t\t\t<div class=\"order-2\">\n\t\t\t\t\t\t\t\t<h3 class=\"font-semibold text-md sm:text-lg md:text-md\">\n\t\t\t\t\t<a href=\"https:\/\/msig-europe.be\/fr\/2025\/11\/07\/msig-europe-recompense-en-tant-que-best-fronting-partner-lors-des-2025-european-captive-awards\/\" class=\"absolute-link hocus:underline text-marine\">\n\t\t\t\t\t\tMSIG Europe r\u00e9compens\u00e9 en tant que \u201cBest Fronting Partner\u201d lors des 2025 European Captive Awards\n\t\t\t\t\t<\/a>\n\t\t\t\t<\/h3>\n\t\t\t<\/div>\n\n\t\t\t\t\t\t\t<div class=\"mb-2\">\n\t\t\t\t\t\t\t\t\t\n\t<ul data-component=\"list-badges\" class=\"flex flex-wrap gap-2 items-center text-sm\" aria-label=\"Class\u00e9 dans la cat\u00e9gorie\">\n\t\t\t\t\t<li class=\"min-w-0\">\n\t\t\t\t\t\t\n\n\n\t<div  data-component=\"badge\" class=\"text-sm font-semibold relative border-2 py-[1px] px-2 rounded-xl bg-base-50 border-red text-red \">\n\t\tA.R.T.\n\t<\/div>\n\t\t\t<\/li>\n\t\t\t<\/ul>\n\t\t\t\t<\/div>\n\t\t\t\t\t<\/div>\n\n\t\t<span class=\"sr-only\">Publi\u00e9 le :<\/span>\n\t\t<time class=\"text-sm\" datetime=\"2025-11-07\">7 novembre 2025<\/time>\n\t<\/div>\n\n\t<div class=\"absolute md:-bottom-[90px] md:-right-[160px] lg:-bottom-[120px] lg:-right-[270px] hidden pointer-events-none md:block\">\n\t\t<svg aria-hidden=\"true\" class=\"w-[334px] h-[334px]\" viewBox=\"0 0 400 370\" fill=\"none\" xmlns=\"http:\/\/www.w3.org\/2000\/svg\"><path d=\"M197.788 369.7c-14.8 0-29.5-4.9-42.6-14.5-23.2-17.2-47.201-37.1-74.1-62.6-26.9-25.5-47.9-48.1-66-70.1-20-24.2-20.4-54.7.5-78.2 18.5-21.6 39.9-44 67.3-69 27.3-25 51.699-44.5 75.199-61.3 13-9.3 27.701-14 42.301-14 14.7 0 29.3 4.8 42 14.6 23.2 17.2 47.299 37.2 74.199 62.7s48.001 48.2 66.101 70.1c21.3 25.8 21 52.9-.8 78.3-18.5 21.6-39.901 43.9-67.301 69-27.4 25-51.599 44.5-75.199 61.2-12.8 9.3-27.2 13.8-41.6 13.8Z\" fill=\"#1B1464\" fill-opacity=\".07\"\/><\/svg>\n\t<\/div>\n<\/div>\n\t\t\t\t\t<\/li>\n\t\t\t\t\n\t\t\t\t\t\t\t\t\t\t\n\t\t\t\t\t<li>\n\t\t\t\t\t\t<div data-component=\"teaser-post\" class=\"relative flex flex-col h-full p-6 overflow-hidden rounded-lg bg-base-500 sm:flex-row sm:gap-8 lg:p-0 lg:gap-0 lg:flex-col hocus:-translate-y-0.5 transition-transform break-words\">\n\n\t\t\t<div class=\"hidden overflow-hidden md:block image:w-full image:object-cover aspect-video md:max-w-[196px] md:aspect-auto lg:aspect-video lg:max-w-none\">\n\t\t\t<img loading=\"lazy\" decoding=\"async\" width=\"1024\" height=\"576\" src=\"https:\/\/msig-europe.be\/fr\/wp-content\/uploads\/sites\/4\/2025\/06\/Standard-image-1024x576.webp\" class=\"attachment-large size-large\" alt=\"\" srcset=\"https:\/\/msig-europe.be\/fr\/wp-content\/uploads\/sites\/4\/2025\/06\/Standard-image-1024x576.webp 1024w, https:\/\/msig-europe.be\/fr\/wp-content\/uploads\/sites\/4\/2025\/06\/Standard-image-300x169.webp 300w, https:\/\/msig-europe.be\/fr\/wp-content\/uploads\/sites\/4\/2025\/06\/Standard-image-768x432.webp 768w, https:\/\/msig-europe.be\/fr\/wp-content\/uploads\/sites\/4\/2025\/06\/Standard-image-1536x864.webp 1536w, https:\/\/msig-europe.be\/fr\/wp-content\/uploads\/sites\/4\/2025\/06\/Standard-image.webp 1920w\" sizes=\"auto, (max-width: 1024px) 100vw, 1024px\" \/>\n\t\t<\/div>\n\t\n\t<div class=\"flex flex-col gap-4 lg:p-6\">\n\t\t<div class=\"flex flex-col\">\n\t\t\t<div class=\"order-2\">\n\t\t\t\t\t\t\t\t<h3 class=\"font-semibold text-md sm:text-lg md:text-md\">\n\t\t\t\t\t<a href=\"https:\/\/msig-europe.be\/fr\/2025\/07\/01\/finalisation-de-la-fusion-entre-ms-amlin-insurance-se-et-msig-insurance-europe-ag\/\" class=\"absolute-link hocus:underline text-marine\">\n\t\t\t\t\t\tFinalisation de la fusion entre MS Amlin Insurance SE et MSIG Insurance Europe AG\n\t\t\t\t\t<\/a>\n\t\t\t\t<\/h3>\n\t\t\t<\/div>\n\n\t\t\t\t\t<\/div>\n\n\t\t<span class=\"sr-only\">Publi\u00e9 le :<\/span>\n\t\t<time class=\"text-sm\" datetime=\"2025-07-01\">1 juillet 2025<\/time>\n\t<\/div>\n\n\t<div class=\"absolute md:-bottom-[90px] md:-right-[160px] lg:-bottom-[120px] lg:-right-[270px] hidden pointer-events-none md:block\">\n\t\t<svg aria-hidden=\"true\" class=\"w-[334px] h-[334px]\" viewBox=\"0 0 400 370\" fill=\"none\" xmlns=\"http:\/\/www.w3.org\/2000\/svg\"><path d=\"M197.788 369.7c-14.8 0-29.5-4.9-42.6-14.5-23.2-17.2-47.201-37.1-74.1-62.6-26.9-25.5-47.9-48.1-66-70.1-20-24.2-20.4-54.7.5-78.2 18.5-21.6 39.9-44 67.3-69 27.3-25 51.699-44.5 75.199-61.3 13-9.3 27.701-14 42.301-14 14.7 0 29.3 4.8 42 14.6 23.2 17.2 47.299 37.2 74.199 62.7s48.001 48.2 66.101 70.1c21.3 25.8 21 52.9-.8 78.3-18.5 21.6-39.901 43.9-67.301 69-27.4 25-51.599 44.5-75.199 61.2-12.8 9.3-27.2 13.8-41.6 13.8Z\" fill=\"#1B1464\" fill-opacity=\".07\"\/><\/svg>\n\t<\/div>\n<\/div>\n\t\t\t\t\t<\/li>\n\t\t\t\t\t\t\t<\/ul>\n\n\t\t\t\t\t<\/div>\n\t<\/div>\n","protected":false},"excerpt":{"rendered":"<p>MSIG Europe et&nbsp;Stephex&nbsp;Horsetrucks&nbsp;s\u2019associent pour accompagner le cavalier belge de dressage Justin Verboomen dans son parcours vers les plus grandes comp\u00e9titions internationales.&nbsp; Au-del\u00e0 des relations d\u2019affaires, les partenariats les plus solides reposent sur des valeurs communes, l\u2019ambition et l\u2019excellence. C\u2019est pr\u00e9cis\u00e9ment ce qui caract\u00e9rise la collaboration entre MSIG Europe et Stephex (STX), leader mondial dans la [&hellip;]<\/p>\n","protected":false},"author":40,"featured_media":1468,"comment_status":"closed","ping_status":"closed","sticky":false,"template":"","format":"standard","meta":{"_acf_changed":false,"editor_notices":[],"footnotes":""},"categories":[1],"tags":[],"msa_insurance_type_tax":[],"class_list":["post-1469","post","type-post","status-publish","format-standard","has-post-thumbnail","hentry","category-uncategorised"],"acf":[],"yoast_head":"<!-- This site is optimized with the Yoast SEO plugin v28.2 - https:\/\/yoast.com\/product\/yoast-seo-wordpress\/ -->\n<title>Un partenariat fond\u00e9 sur la confiance, l\u2019ambition et l\u2019excellence - MSIG Europe<\/title>\n<meta name=\"robots\" content=\"index, follow, max-snippet:-1, max-image-preview:large, max-video-preview:-1\" \/>\n<link rel=\"canonical\" href=\"https:\/\/msig-europe.be\/fr\/2026\/08\/21\/un-partenariat-fonde-sur-la-confiance-lambition-et-lexcellence\/\" \/>\n<meta property=\"og:locale\" content=\"fr_FR\" \/>\n<meta property=\"og:type\" content=\"article\" \/>\n<meta property=\"og:title\" content=\"Un partenariat fond\u00e9 sur la confiance, l\u2019ambition et l\u2019excellence - MSIG Europe\" \/>\n<meta property=\"og:description\" content=\"MSIG Europe et&nbsp;Stephex&nbsp;Horsetrucks&nbsp;s\u2019associent pour accompagner le cavalier belge de dressage Justin Verboomen dans son parcours vers les plus grandes comp\u00e9titions internationales.&nbsp; Au-del\u00e0 des relations d\u2019affaires, les partenariats les plus solides reposent sur des valeurs communes, l\u2019ambition et l\u2019excellence. C\u2019est pr\u00e9cis\u00e9ment ce qui caract\u00e9rise la collaboration entre MSIG Europe et Stephex (STX), leader mondial dans la [&hellip;]\" \/>\n<meta property=\"og:url\" content=\"https:\/\/msig-europe.be\/fr\/2026\/08\/21\/un-partenariat-fonde-sur-la-confiance-lambition-et-lexcellence\/\" \/>\n<meta property=\"og:site_name\" content=\"MSIG Europe\" \/>\n<meta property=\"article:published_time\" content=\"2026-08-21T10:49:12+00:00\" \/>\n<meta property=\"article:modified_time\" content=\"2026-08-21T11:09:14+00:00\" \/>\n<meta property=\"og:image\" content=\"https:\/\/msig-europe.be\/fr\/wp-content\/uploads\/sites\/4\/2026\/08\/Justin-web-article-teaser.png\" \/>\n\t<meta property=\"og:image:width\" content=\"600\" \/>\n\t<meta property=\"og:image:height\" content=\"300\" \/>\n\t<meta property=\"og:image:type\" content=\"image\/png\" \/>\n<meta name=\"author\" content=\"jamesovenell\" \/>\n<meta name=\"twitter:card\" content=\"summary_large_image\" \/>\n<meta name=\"twitter:label1\" content=\"\u00c9crit par\" \/>\n\t<meta name=\"twitter:data1\" content=\"jamesovenell\" \/>\n\t<meta name=\"twitter:label2\" content=\"Dur\u00e9e de lecture est.\" \/>\n\t<meta name=\"twitter:data2\" content=\"4 minutes\" \/>\n<script type=\"application\/ld+json\" class=\"yoast-schema-graph\">{\"@context\":\"https:\\\/\\\/schema.org\",\"@graph\":[{\"@type\":\"Article\",\"@id\":\"https:\\\/\\\/msig-europe.be\\\/fr\\\/2026\\\/08\\\/21\\\/un-partenariat-fonde-sur-la-confiance-lambition-et-lexcellence\\\/#article\",\"isPartOf\":{\"@id\":\"https:\\\/\\\/msig-europe.be\\\/fr\\\/2026\\\/08\\\/21\\\/un-partenariat-fonde-sur-la-confiance-lambition-et-lexcellence\\\/\"},\"author\":{\"name\":\"jamesovenell\",\"@id\":\"https:\\\/\\\/msig-europe.be\\\/fr\\\/#\\\/schema\\\/person\\\/e5215dd44800a22a84fddb20d61ac370\"},\"headline\":\"Un partenariat fond\u00e9 sur la confiance, l\u2019ambition et l\u2019excellence\",\"datePublished\":\"2026-08-21T10:49:12+00:00\",\"dateModified\":\"2026-08-21T11:09:14+00:00\",\"mainEntityOfPage\":{\"@id\":\"https:\\\/\\\/msig-europe.be\\\/fr\\\/2026\\\/08\\\/21\\\/un-partenariat-fonde-sur-la-confiance-lambition-et-lexcellence\\\/\"},\"wordCount\":729,\"publisher\":{\"@id\":\"https:\\\/\\\/msig-europe.be\\\/fr\\\/#organization\"},\"image\":{\"@id\":\"https:\\\/\\\/msig-europe.be\\\/fr\\\/2026\\\/08\\\/21\\\/un-partenariat-fonde-sur-la-confiance-lambition-et-lexcellence\\\/#primaryimage\"},\"thumbnailUrl\":\"https:\\\/\\\/msig-europe.be\\\/fr\\\/wp-content\\\/uploads\\\/sites\\\/4\\\/2026\\\/08\\\/Justin-web-article-teaser.png\",\"articleSection\":[\"Uncategorised\"],\"inLanguage\":\"fr-BE\"},{\"@type\":\"WebPage\",\"@id\":\"https:\\\/\\\/msig-europe.be\\\/fr\\\/2026\\\/08\\\/21\\\/un-partenariat-fonde-sur-la-confiance-lambition-et-lexcellence\\\/\",\"url\":\"https:\\\/\\\/msig-europe.be\\\/fr\\\/2026\\\/08\\\/21\\\/un-partenariat-fonde-sur-la-confiance-lambition-et-lexcellence\\\/\",\"name\":\"Un partenariat fond\u00e9 sur la confiance, l\u2019ambition et l\u2019excellence - MSIG Europe\",\"isPartOf\":{\"@id\":\"https:\\\/\\\/msig-europe.be\\\/fr\\\/#website\"},\"primaryImageOfPage\":{\"@id\":\"https:\\\/\\\/msig-europe.be\\\/fr\\\/2026\\\/08\\\/21\\\/un-partenariat-fonde-sur-la-confiance-lambition-et-lexcellence\\\/#primaryimage\"},\"image\":{\"@id\":\"https:\\\/\\\/msig-europe.be\\\/fr\\\/2026\\\/08\\\/21\\\/un-partenariat-fonde-sur-la-confiance-lambition-et-lexcellence\\\/#primaryimage\"},\"thumbnailUrl\":\"https:\\\/\\\/msig-europe.be\\\/fr\\\/wp-content\\\/uploads\\\/sites\\\/4\\\/2026\\\/08\\\/Justin-web-article-teaser.png\",\"datePublished\":\"2026-08-21T10:49:12+00:00\",\"dateModified\":\"2026-08-21T11:09:14+00:00\",\"breadcrumb\":{\"@id\":\"https:\\\/\\\/msig-europe.be\\\/fr\\\/2026\\\/08\\\/21\\\/un-partenariat-fonde-sur-la-confiance-lambition-et-lexcellence\\\/#breadcrumb\"},\"inLanguage\":\"fr-BE\",\"potentialAction\":[{\"@type\":\"ReadAction\",\"target\":[\"https:\\\/\\\/msig-europe.be\\\/fr\\\/2026\\\/08\\\/21\\\/un-partenariat-fonde-sur-la-confiance-lambition-et-lexcellence\\\/\"]}]},{\"@type\":\"ImageObject\",\"inLanguage\":\"fr-BE\",\"@id\":\"https:\\\/\\\/msig-europe.be\\\/fr\\\/2026\\\/08\\\/21\\\/un-partenariat-fonde-sur-la-confiance-lambition-et-lexcellence\\\/#primaryimage\",\"url\":\"https:\\\/\\\/msig-europe.be\\\/fr\\\/wp-content\\\/uploads\\\/sites\\\/4\\\/2026\\\/08\\\/Justin-web-article-teaser.png\",\"contentUrl\":\"https:\\\/\\\/msig-europe.be\\\/fr\\\/wp-content\\\/uploads\\\/sites\\\/4\\\/2026\\\/08\\\/Justin-web-article-teaser.png\",\"width\":600,\"height\":300},{\"@type\":\"BreadcrumbList\",\"@id\":\"https:\\\/\\\/msig-europe.be\\\/fr\\\/2026\\\/08\\\/21\\\/un-partenariat-fonde-sur-la-confiance-lambition-et-lexcellence\\\/#breadcrumb\",\"itemListElement\":[{\"@type\":\"ListItem\",\"position\":1,\"name\":\"Accueil\",\"item\":\"https:\\\/\\\/msig-europe.be\\\/fr\\\/\"},{\"@type\":\"ListItem\",\"position\":2,\"name\":\"Un partenariat fond\u00e9 sur la confiance, l\u2019ambition et l\u2019excellence\"}]},{\"@type\":\"WebSite\",\"@id\":\"https:\\\/\\\/msig-europe.be\\\/fr\\\/#website\",\"url\":\"https:\\\/\\\/msig-europe.be\\\/fr\\\/\",\"name\":\"MSIG Europe\",\"description\":\"Building trust together\",\"publisher\":{\"@id\":\"https:\\\/\\\/msig-europe.be\\\/fr\\\/#organization\"},\"alternateName\":\"MSIG Europe\",\"potentialAction\":[{\"@type\":\"SearchAction\",\"target\":{\"@type\":\"EntryPoint\",\"urlTemplate\":\"https:\\\/\\\/msig-europe.be\\\/fr\\\/?s={search_term_string}\"},\"query-input\":{\"@type\":\"PropertyValueSpecification\",\"valueRequired\":true,\"valueName\":\"search_term_string\"}}],\"inLanguage\":\"fr-BE\"},{\"@type\":\"Organization\",\"@id\":\"https:\\\/\\\/msig-europe.be\\\/fr\\\/#organization\",\"name\":\"MSIG Europe\",\"alternateName\":\"MSIG Europe\",\"url\":\"https:\\\/\\\/msig-europe.be\\\/fr\\\/\",\"logo\":{\"@type\":\"ImageObject\",\"inLanguage\":\"fr-BE\",\"@id\":\"https:\\\/\\\/msig-europe.be\\\/fr\\\/#\\\/schema\\\/logo\\\/image\\\/\",\"url\":\"https:\\\/\\\/msig-europe.be\\\/fr\\\/wp-content\\\/uploads\\\/sites\\\/4\\\/2025\\\/06\\\/MSIG_Europe_standard_CMYK_png-scaled.png\",\"contentUrl\":\"https:\\\/\\\/msig-europe.be\\\/fr\\\/wp-content\\\/uploads\\\/sites\\\/4\\\/2025\\\/06\\\/MSIG_Europe_standard_CMYK_png-scaled.png\",\"width\":2560,\"height\":1017,\"caption\":\"MSIG Europe\"},\"image\":{\"@id\":\"https:\\\/\\\/msig-europe.be\\\/fr\\\/#\\\/schema\\\/logo\\\/image\\\/\"}},{\"@type\":\"Person\",\"@id\":\"https:\\\/\\\/msig-europe.be\\\/fr\\\/#\\\/schema\\\/person\\\/e5215dd44800a22a84fddb20d61ac370\",\"name\":\"jamesovenell\"}]}<\/script>\n<!-- \/ Yoast SEO plugin. -->","yoast_head_json":{"title":"Un partenariat fond\u00e9 sur la confiance, l\u2019ambition et l\u2019excellence - MSIG Europe","robots":{"index":"index","follow":"follow","max-snippet":"max-snippet:-1","max-image-preview":"max-image-preview:large","max-video-preview":"max-video-preview:-1"},"canonical":"https:\/\/msig-europe.be\/fr\/2026\/08\/21\/un-partenariat-fonde-sur-la-confiance-lambition-et-lexcellence\/","og_locale":"fr_FR","og_type":"article","og_title":"Un partenariat fond\u00e9 sur la confiance, l\u2019ambition et l\u2019excellence - MSIG Europe","og_description":"MSIG Europe et&nbsp;Stephex&nbsp;Horsetrucks&nbsp;s\u2019associent pour accompagner le cavalier belge de dressage Justin Verboomen dans son parcours vers les plus grandes comp\u00e9titions internationales.&nbsp; Au-del\u00e0 des relations d\u2019affaires, les partenariats les plus solides reposent sur des valeurs communes, l\u2019ambition et l\u2019excellence. C\u2019est pr\u00e9cis\u00e9ment ce qui caract\u00e9rise la collaboration entre MSIG Europe et Stephex (STX), leader mondial dans la [&hellip;]","og_url":"https:\/\/msig-europe.be\/fr\/2026\/08\/21\/un-partenariat-fonde-sur-la-confiance-lambition-et-lexcellence\/","og_site_name":"MSIG Europe","article_published_time":"2026-08-21T10:49:12+00:00","article_modified_time":"2026-08-21T11:09:14+00:00","og_image":[{"width":600,"height":300,"url":"https:\/\/msig-europe.be\/fr\/wp-content\/uploads\/sites\/4\/2026\/08\/Justin-web-article-teaser.png","type":"image\/png"}],"author":"jamesovenell","twitter_card":"summary_large_image","twitter_misc":{"\u00c9crit par":"jamesovenell","Dur\u00e9e de lecture est.":"4 minutes"},"schema":{"@context":"https:\/\/schema.org","@graph":[{"@type":"Article","@id":"https:\/\/msig-europe.be\/fr\/2026\/08\/21\/un-partenariat-fonde-sur-la-confiance-lambition-et-lexcellence\/#article","isPartOf":{"@id":"https:\/\/msig-europe.be\/fr\/2026\/08\/21\/un-partenariat-fonde-sur-la-confiance-lambition-et-lexcellence\/"},"author":{"name":"jamesovenell","@id":"https:\/\/msig-europe.be\/fr\/#\/schema\/person\/e5215dd44800a22a84fddb20d61ac370"},"headline":"Un partenariat fond\u00e9 sur la confiance, l\u2019ambition et l\u2019excellence","datePublished":"2026-08-21T10:49:12+00:00","dateModified":"2026-08-21T11:09:14+00:00","mainEntityOfPage":{"@id":"https:\/\/msig-europe.be\/fr\/2026\/08\/21\/un-partenariat-fonde-sur-la-confiance-lambition-et-lexcellence\/"},"wordCount":729,"publisher":{"@id":"https:\/\/msig-europe.be\/fr\/#organization"},"image":{"@id":"https:\/\/msig-europe.be\/fr\/2026\/08\/21\/un-partenariat-fonde-sur-la-confiance-lambition-et-lexcellence\/#primaryimage"},"thumbnailUrl":"https:\/\/msig-europe.be\/fr\/wp-content\/uploads\/sites\/4\/2026\/08\/Justin-web-article-teaser.png","articleSection":["Uncategorised"],"inLanguage":"fr-BE"},{"@type":"WebPage","@id":"https:\/\/msig-europe.be\/fr\/2026\/08\/21\/un-partenariat-fonde-sur-la-confiance-lambition-et-lexcellence\/","url":"https:\/\/msig-europe.be\/fr\/2026\/08\/21\/un-partenariat-fonde-sur-la-confiance-lambition-et-lexcellence\/","name":"Un partenariat fond\u00e9 sur la confiance, l\u2019ambition et l\u2019excellence - MSIG Europe","isPartOf":{"@id":"https:\/\/msig-europe.be\/fr\/#website"},"primaryImageOfPage":{"@id":"https:\/\/msig-europe.be\/fr\/2026\/08\/21\/un-partenariat-fonde-sur-la-confiance-lambition-et-lexcellence\/#primaryimage"},"image":{"@id":"https:\/\/msig-europe.be\/fr\/2026\/08\/21\/un-partenariat-fonde-sur-la-confiance-lambition-et-lexcellence\/#primaryimage"},"thumbnailUrl":"https:\/\/msig-europe.be\/fr\/wp-content\/uploads\/sites\/4\/2026\/08\/Justin-web-article-teaser.png","datePublished":"2026-08-21T10:49:12+00:00","dateModified":"2026-08-21T11:09:14+00:00","breadcrumb":{"@id":"https:\/\/msig-europe.be\/fr\/2026\/08\/21\/un-partenariat-fonde-sur-la-confiance-lambition-et-lexcellence\/#breadcrumb"},"inLanguage":"fr-BE","potentialAction":[{"@type":"ReadAction","target":["https:\/\/msig-europe.be\/fr\/2026\/08\/21\/un-partenariat-fonde-sur-la-confiance-lambition-et-lexcellence\/"]}]},{"@type":"ImageObject","inLanguage":"fr-BE","@id":"https:\/\/msig-europe.be\/fr\/2026\/08\/21\/un-partenariat-fonde-sur-la-confiance-lambition-et-lexcellence\/#primaryimage","url":"https:\/\/msig-europe.be\/fr\/wp-content\/uploads\/sites\/4\/2026\/08\/Justin-web-article-teaser.png","contentUrl":"https:\/\/msig-europe.be\/fr\/wp-content\/uploads\/sites\/4\/2026\/08\/Justin-web-article-teaser.png","width":600,"height":300},{"@type":"BreadcrumbList","@id":"https:\/\/msig-europe.be\/fr\/2026\/08\/21\/un-partenariat-fonde-sur-la-confiance-lambition-et-lexcellence\/#breadcrumb","itemListElement":[{"@type":"ListItem","position":1,"name":"Accueil","item":"https:\/\/msig-europe.be\/fr\/"},{"@type":"ListItem","position":2,"name":"Un partenariat fond\u00e9 sur la confiance, l\u2019ambition et l\u2019excellence"}]},{"@type":"WebSite","@id":"https:\/\/msig-europe.be\/fr\/#website","url":"https:\/\/msig-europe.be\/fr\/","name":"MSIG Europe","description":"Building trust together","publisher":{"@id":"https:\/\/msig-europe.be\/fr\/#organization"},"alternateName":"MSIG Europe","potentialAction":[{"@type":"SearchAction","target":{"@type":"EntryPoint","urlTemplate":"https:\/\/msig-europe.be\/fr\/?s={search_term_string}"},"query-input":{"@type":"PropertyValueSpecification","valueRequired":true,"valueName":"search_term_string"}}],"inLanguage":"fr-BE"},{"@type":"Organization","@id":"https:\/\/msig-europe.be\/fr\/#organization","name":"MSIG Europe","alternateName":"MSIG Europe","url":"https:\/\/msig-europe.be\/fr\/","logo":{"@type":"ImageObject","inLanguage":"fr-BE","@id":"https:\/\/msig-europe.be\/fr\/#\/schema\/logo\/image\/","url":"https:\/\/msig-europe.be\/fr\/wp-content\/uploads\/sites\/4\/2025\/06\/MSIG_Europe_standard_CMYK_png-scaled.png","contentUrl":"https:\/\/msig-europe.be\/fr\/wp-content\/uploads\/sites\/4\/2025\/06\/MSIG_Europe_standard_CMYK_png-scaled.png","width":2560,"height":1017,"caption":"MSIG Europe"},"image":{"@id":"https:\/\/msig-europe.be\/fr\/#\/schema\/logo\/image\/"}},{"@type":"Person","@id":"https:\/\/msig-europe.be\/fr\/#\/schema\/person\/e5215dd44800a22a84fddb20d61ac370","name":"jamesovenell"}]}},"distributor_meta":false,"distributor_terms":false,"distributor_media":false,"distributor_original_site_name":"MSIG Europe","distributor_original_site_url":"https:\/\/msig-europe.be\/fr","push-errors":false,"_links":{"self":[{"href":"https:\/\/msig-europe.be\/fr\/wp-json\/wp\/v2\/posts\/1469","targetHints":{"allow":["GET"]}}],"collection":[{"href":"https:\/\/msig-europe.be\/fr\/wp-json\/wp\/v2\/posts"}],"about":[{"href":"https:\/\/msig-europe.be\/fr\/wp-json\/wp\/v2\/types\/post"}],"author":[{"embeddable":true,"href":"https:\/\/msig-europe.be\/fr\/wp-json\/wp\/v2\/users\/40"}],"replies":[{"embeddable":true,"href":"https:\/\/msig-europe.be\/fr\/wp-json\/wp\/v2\/comments?post=1469"}],"version-history":[{"count":7,"href":"https:\/\/msig-europe.be\/fr\/wp-json\/wp\/v2\/posts\/1469\/revisions"}],"predecessor-version":[{"id":1479,"href":"https:\/\/msig-europe.be\/fr\/wp-json\/wp\/v2\/posts\/1469\/revisions\/1479"}],"wp:featuredmedia":[{"embeddable":true,"href":"https:\/\/msig-europe.be\/fr\/wp-json\/wp\/v2\/media\/1468"}],"wp:attachment":[{"href":"https:\/\/msig-europe.be\/fr\/wp-json\/wp\/v2\/media?parent=1469"}],"wp:term":[{"taxonomy":"category","embeddable":true,"href":"https:\/\/msig-europe.be\/fr\/wp-json\/wp\/v2\/categories?post=1469"},{"taxonomy":"post_tag","embeddable":true,"href":"https:\/\/msig-europe.be\/fr\/wp-json\/wp\/v2\/tags?post=1469"},{"taxonomy":"msa_insurance_type_tax","embeddable":true,"href":"https:\/\/msig-europe.be\/fr\/wp-json\/wp\/v2\/msa_insurance_type_tax?post=1469"}],"curies":[{"name":"wp","href":"https:\/\/api.w.org\/{rel}","templated":true}]}}